{"id":10292,"date":"2023-11-16T15:01:56","date_gmt":"2023-11-16T14:01:56","guid":{"rendered":"https:\/\/reventure.de\/?p=10292"},"modified":"2024-01-14T21:35:08","modified_gmt":"2024-01-14T20:35:08","slug":"solarpark-tarmow-erreicht-naechsten-meilenstein-oeffentliche-auslegung-in-der-gemeinde-fehrbellin","status":"publish","type":"post","link":"https:\/\/reventure.de\/es\/solarpark-tarmow-erreicht-naechsten-meilenstein-oeffentliche-auslegung-in-der-gemeinde-fehrbellin\/","title":{"rendered":"El parque solar Tarmow alcanza un nuevo hito: presentaci\u00f3n oficial del dise\u00f1o p\u00fablico en el municipio de Fehrbellin"},"content":{"rendered":"<div data-elementor-type=\"wp-post\" data-elementor-id=\"10292\" class=\"elementor elementor-10292\" data-elementor-post-type=\"post\">\n\t\t\t\t\t\t<section class=\"elementor-section elementor-top-section elementor-element elementor-element-c753eb1 elementor-section-boxed elementor-section-height-default elementor-section-height-default qodef-elementor-content-no\" data-id=\"c753eb1\" data-element_type=\"section\" data-e-type=\"section\">\n\t\t\t\t\t\t<div class=\"elementor-container elementor-column-gap-default\">\n\t\t\t\t\t<div class=\"elementor-column elementor-col-100 elementor-top-column elementor-element elementor-element-799c62c\" data-id=\"799c62c\" data-element_type=\"column\" data-e-type=\"column\">\n\t\t\t<div class=\"elementor-widget-wrap elementor-element-populated\">\n\t\t\t\t\t\t<div class=\"elementor-element elementor-element-95dbe45 elementor-widget elementor-widget-text-editor\" data-id=\"95dbe45\" data-element_type=\"widget\" data-e-type=\"widget\" data-widget_type=\"text-editor.default\">\n\t\t\t\t<div class=\"elementor-widget-container\">\n\t\t\t\t\t\t\t\t\t<p style=\"white-space: pre-wrap; border-style: solid; border-color: #d9d9e3; margin-top: 1.25em; margin-bottom: 1.25em; caret-color: #374151; color: #374151; font-family: S\u00f6hne, ui-sans-serif, system-ui, -apple-system, 'Segoe UI', Roboto, Ubuntu, Cantarell, 'Noto Sans', sans-serif, 'Helvetica Neue', Arial, 'Apple Color Emoji', 'Segoe UI Emoji', 'Segoe UI Symbol', 'Noto Color Emoji';\" class=\"translation-block\">ener.venture, un joint venture de re.venture y nuestros socios muniqueses de ENERGISTO, est\u00e1 impulsando la expansi\u00f3n de las energ\u00edas renovables. Juntos estamos desarrollando el parque solar de 83 MWp en Tarmow, Brandenburg.<\/p>\n<p style=\"white-space: pre-wrap; border-style: solid; border-color: #d9d9e3; margin-top: 1.25em; margin-bottom: 1.25em; caret-color: #374151; color: #374151; font-family: S\u00f6hne, ui-sans-serif, system-ui, -apple-system, 'Segoe UI', Roboto, Ubuntu, Cantarell, 'Noto Sans', sans-serif, 'Helvetica Neue', Arial, 'Apple Color Emoji', 'Segoe UI Emoji', 'Segoe UI Symbol', 'Noto Color Emoji';\" class=\"translation-block\">Un paso adelante decisivo: Tras la decisi\u00f3n positiva del anteproyecto del plan de desarrollo en abril, el municipio de Fehrbellin ha iniciado la presentaci\u00f3n p\u00fablica del plan de construcci\u00f3n.<\/p><p style=\"white-space: pre-wrap; border-style: solid; border-color: rgb(217, 217, 227); margin-top: 1.25em; margin-bottom: 1.25em; caret-color: rgb(55, 65, 81); color: rgb(55, 65, 81); font-family: S\u00f6hne, ui-sans-serif, system-ui, -apple-system, &quot;Segoe UI&quot;, Roboto, Ubuntu, Cantarell, &quot;Noto Sans&quot;, sans-serif, &quot;Helvetica Neue&quot;, Arial, &quot;Apple Color Emoji&quot;, &quot;Segoe UI Emoji&quot;, &quot;Segoe UI Symbol&quot;, &quot;Noto Color Emoji&quot;;\" class=\"translation-block\">Aspectos Ecol\u00f3gicos: En estrecha colaboraci\u00f3n con el municipio y la autoridad de protecci\u00f3n de la naturaleza (UNB), estamos enfocando en los aspectos ecol\u00f3gicos del proyecto. Un tercio de la superficie total del parque solar se reservar\u00e1 para garantizar la protecci\u00f3n del Medio Ambiente y la Biodiversidad Local.<\/p><p style=\"white-space: pre-wrap; border-style: solid; border-color: rgb(217, 217, 227); margin-top: 1.25em; margin-bottom: 1.25em; caret-color: rgb(55, 65, 81); color: rgb(55, 65, 81); font-family: S\u00f6hne, ui-sans-serif, system-ui, -apple-system, &quot;Segoe UI&quot;, Roboto, Ubuntu, Cantarell, &quot;Noto Sans&quot;, sans-serif, &quot;Helvetica Neue&quot;, Arial, &quot;Apple Color Emoji&quot;, &quot;Segoe UI Emoji&quot;, &quot;Segoe UI Symbol&quot;, &quot;Noto Color Emoji&quot;;\" class=\"translation-block\">Expectativa de permiso de obras: Esperamos recibir el permiso de obras en verano, ya que el proyecto se est\u00e1 desarrollando totalmente seg\u00fan lo previsto.<\/p>\n<p style=\"white-space: pre-wrap; border-style: solid; border-color: #d9d9e3; margin-top: 1.25em; margin-bottom: 1.25em; caret-color: #374151; color: #374151; font-family: S\u00f6hne, ui-sans-serif, system-ui, -apple-system, 'Segoe UI', Roboto, Ubuntu, Cantarell, 'Noto Sans', sans-serif, 'Helvetica Neue', Arial, 'Apple Color Emoji', 'Segoe UI Emoji', 'Segoe UI Symbol', 'Noto Color Emoji';\" class=\"translation-block\">Impresionante producci\u00f3n: Cuando el parque solar entre en funcionamiento, se espera una potencia de 87 GWh de Electricidad Verde al a\u00f1o. Esto es suficiente para suministrar energ\u00eda a unos 23.000 hogares. A partir de 2025, est\u00e1 previsto und ppa de energ\u00eda verde sostenible al pol\u00edgono industrial cercano.<\/p>\n<p style=\"white-space: pre-wrap; border-style: solid; border-color: #d9d9e3; margin-top: 1.25em; margin-bottom: 1.25em; caret-color: #374151; color: #374151; font-family: S\u00f6hne, ui-sans-serif, system-ui, -apple-system, 'Segoe UI', Roboto, Ubuntu, Cantarell, 'Noto Sans', sans-serif, 'Helvetica Neue', Arial, 'Apple Color Emoji', 'Segoe UI Emoji', 'Segoe UI Symbol', 'Noto Color Emoji';\">Para m\u00e1s informaci\u00f3n, visite nuestra <strong style=\"border-style: solid; border-color: #d9d9e3; --tw-border-spacing-x: 0; --tw-border-spacing-y: 0; --tw-translate-x: 0; --tw-translate-y: 0; --tw-rotate: 0; --tw-skew-x: 0; --tw-skew-y: 0; --tw-scale-x: 1; --tw-scale-y: 1; --tw-scroll-snap-strictness: proximity; --tw-ring-offset-width: 0px; --tw-ring-offset-color: #fff; --tw-ring-color: rgba(69,89,164,0.5); --tw-ring-offset-shadow: 0 0 transparent; --tw-ring-shadow: 0 0 transparent; --tw-shadow: 0 0 transparent; --tw-shadow-colored: 0 0 transparent; font-weight: 600;\"><span style=\"color: #2964aa;\"><span style=\"border-style: solid; border-color: #d9d9e3; --tw-border-spacing-x: 0; --tw-border-spacing-y: 0; --tw-translate-x: 0; --tw-translate-y: 0; --tw-rotate: 0; --tw-skew-x: 0; --tw-skew-y: 0; --tw-scale-x: 1; --tw-scale-y: 1; --tw-scroll-snap-strictness: proximity; --tw-ring-offset-width: 0px; --tw-ring-offset-color: #fff; --tw-ring-color: rgba(69,89,164,0.5); --tw-ring-offset-shadow: 0 0 transparent; --tw-ring-shadow: 0 0 transparent; --tw-shadow: 0 0 transparent; --tw-shadow-colored: 0 0 transparent; --tw-text-opacity: 1;\"><a href=\"https:\/\/www.solarpark-tarmow.de\">p\u00e1gina del proyecto.<\/a><\/span><\/span><\/strong>.<\/p>\t\t\t\t\t\t\t\t<\/div>\n\t\t\t\t<\/div>\n\t\t\t\t\t<\/div>\n\t\t<\/div>\n\t\t\t\t\t<\/div>\n\t\t<\/section>\n\t\t\t\t<section class=\"elementor-section elementor-top-section elementor-element elementor-element-f1f19fc elementor-section-boxed elementor-section-height-default elementor-section-height-default qodef-elementor-content-no\" data-id=\"f1f19fc\" data-element_type=\"section\" data-e-type=\"section\">\n\t\t\t\t\t\t<div class=\"elementor-container elementor-column-gap-default\">\n\t\t\t\t\t<div class=\"elementor-column elementor-col-50 elementor-top-column elementor-element elementor-element-63ea6b4\" data-id=\"63ea6b4\" data-element_type=\"column\" data-e-type=\"column\">\n\t\t\t<div class=\"elementor-widget-wrap elementor-element-populated\">\n\t\t\t\t\t\t<div class=\"elementor-element elementor-element-f5a387f elementor-widget elementor-widget-image\" data-id=\"f5a387f\" data-element_type=\"widget\" data-e-type=\"widget\" data-widget_type=\"image.default\">\n\t\t\t\t<div class=\"elementor-widget-container\">\n\t\t\t\t\t\t\t\t\t\t\t\t\t\t\t<img fetchpriority=\"high\" decoding=\"async\" width=\"1024\" height=\"1024\" src=\"https:\/\/reventure.de\/wp-content\/uploads\/2023\/11\/pv_tar_standort@2x-1024x1024.jpg\" class=\"attachment-large size-large wp-image-10374\" alt=\"\" srcset=\"https:\/\/reventure.de\/wp-content\/uploads\/2023\/11\/pv_tar_standort@2x-1024x1024.jpg 1024w, https:\/\/reventure.de\/wp-content\/uploads\/2023\/11\/pv_tar_standort@2x-300x300.jpg 300w, https:\/\/reventure.de\/wp-content\/uploads\/2023\/11\/pv_tar_standort@2x-150x150.jpg 150w, https:\/\/reventure.de\/wp-content\/uploads\/2023\/11\/pv_tar_standort@2x-768x768.jpg 768w, https:\/\/reventure.de\/wp-content\/uploads\/2023\/11\/pv_tar_standort@2x-12x12.jpg 12w, https:\/\/reventure.de\/wp-content\/uploads\/2023\/11\/pv_tar_standort@2x-650x650.jpg 650w, https:\/\/reventure.de\/wp-content\/uploads\/2023\/11\/pv_tar_standort@2x-1300x1300.jpg 1300w, https:\/\/reventure.de\/wp-content\/uploads\/2023\/11\/pv_tar_standort@2x-82x82.jpg 82w, https:\/\/reventure.de\/wp-content\/uploads\/2023\/11\/pv_tar_standort@2x.jpg 1440w\" sizes=\"(max-width: 1024px) 100vw, 1024px\" \/>\t\t\t\t\t\t\t\t\t\t\t\t\t\t\t<\/div>\n\t\t\t\t<\/div>\n\t\t\t\t\t<\/div>\n\t\t<\/div>\n\t\t\t\t<div class=\"elementor-column elementor-col-50 elementor-top-column elementor-element elementor-element-ad81b05\" data-id=\"ad81b05\" data-element_type=\"column\" data-e-type=\"column\">\n\t\t\t<div class=\"elementor-widget-wrap elementor-element-populated\">\n\t\t\t\t\t\t<div class=\"elementor-element elementor-element-0460a08 elementor-widget elementor-widget-image\" data-id=\"0460a08\" data-element_type=\"widget\" data-e-type=\"widget\" data-widget_type=\"image.default\">\n\t\t\t\t<div class=\"elementor-widget-container\">\n\t\t\t\t\t\t\t\t\t\t\t\t\t\t\t<img decoding=\"async\" width=\"1024\" height=\"1024\" src=\"https:\/\/reventure.de\/wp-content\/uploads\/2023\/11\/pv_tar_layout@2x-1024x1024.jpg\" class=\"attachment-large size-large wp-image-10384\" alt=\"\" srcset=\"https:\/\/reventure.de\/wp-content\/uploads\/2023\/11\/pv_tar_layout@2x-1024x1024.jpg 1024w, https:\/\/reventure.de\/wp-content\/uploads\/2023\/11\/pv_tar_layout@2x-300x300.jpg 300w, https:\/\/reventure.de\/wp-content\/uploads\/2023\/11\/pv_tar_layout@2x-150x150.jpg 150w, https:\/\/reventure.de\/wp-content\/uploads\/2023\/11\/pv_tar_layout@2x-768x768.jpg 768w, https:\/\/reventure.de\/wp-content\/uploads\/2023\/11\/pv_tar_layout@2x-12x12.jpg 12w, https:\/\/reventure.de\/wp-content\/uploads\/2023\/11\/pv_tar_layout@2x-650x650.jpg 650w, https:\/\/reventure.de\/wp-content\/uploads\/2023\/11\/pv_tar_layout@2x-1300x1300.jpg 1300w, https:\/\/reventure.de\/wp-content\/uploads\/2023\/11\/pv_tar_layout@2x-82x82.jpg 82w, https:\/\/reventure.de\/wp-content\/uploads\/2023\/11\/pv_tar_layout@2x.jpg 1440w\" sizes=\"(max-width: 1024px) 100vw, 1024px\" \/>\t\t\t\t\t\t\t\t\t\t\t\t\t\t\t<\/div>\n\t\t\t\t<\/div>\n\t\t\t\t\t<\/div>\n\t\t<\/div>\n\t\t\t\t\t<\/div>\n\t\t<\/section>\n\t\t\t\t<section class=\"elementor-section elementor-top-section elementor-element elementor-element-87b76d5 elementor-section-boxed elementor-section-height-default elementor-section-height-default qodef-elementor-content-no\" data-id=\"87b76d5\" data-element_type=\"section\" data-e-type=\"section\">\n\t\t\t\t\t\t<div class=\"elementor-container elementor-column-gap-default\">\n\t\t\t\t\t<div class=\"elementor-column elementor-col-100 elementor-top-column elementor-element elementor-element-067b5e6\" data-id=\"067b5e6\" data-element_type=\"column\" data-e-type=\"column\">\n\t\t\t<div class=\"elementor-widget-wrap elementor-element-populated\">\n\t\t\t\t\t\t<div class=\"elementor-element elementor-element-748de97 elementor-widget elementor-widget-image\" data-id=\"748de97\" data-element_type=\"widget\" data-e-type=\"widget\" data-widget_type=\"image.default\">\n\t\t\t\t<div class=\"elementor-widget-container\">\n\t\t\t\t\t\t\t\t\t\t\t\t\t\t\t<img decoding=\"async\" width=\"900\" height=\"900\" src=\"https:\/\/reventure.de\/wp-content\/uploads\/2023\/11\/pvNatureFox1@2x.jpg\" class=\"attachment-large size-large wp-image-10379\" alt=\"\" srcset=\"https:\/\/reventure.de\/wp-content\/uploads\/2023\/11\/pvNatureFox1@2x.jpg 900w, https:\/\/reventure.de\/wp-content\/uploads\/2023\/11\/pvNatureFox1@2x-300x300.jpg 300w, https:\/\/reventure.de\/wp-content\/uploads\/2023\/11\/pvNatureFox1@2x-150x150.jpg 150w, https:\/\/reventure.de\/wp-content\/uploads\/2023\/11\/pvNatureFox1@2x-768x768.jpg 768w, https:\/\/reventure.de\/wp-content\/uploads\/2023\/11\/pvNatureFox1@2x-12x12.jpg 12w, https:\/\/reventure.de\/wp-content\/uploads\/2023\/11\/pvNatureFox1@2x-650x650.jpg 650w, https:\/\/reventure.de\/wp-content\/uploads\/2023\/11\/pvNatureFox1@2x-82x82.jpg 82w\" sizes=\"(max-width: 900px) 100vw, 900px\" \/>\t\t\t\t\t\t\t\t\t\t\t\t\t\t\t<\/div>\n\t\t\t\t<\/div>\n\t\t\t\t\t<\/div>\n\t\t<\/div>\n\t\t\t\t\t<\/div>\n\t\t<\/section>\n\t\t\t\t<\/div>","protected":false},"excerpt":{"rendered":"<p>Die ener.venture, ein Jointventure zwischen re.venture und unseren M\u00fcnchner Partnern von ENERGISTO, treibt den Ausbau erneuerbarer Energien voran. Gemeinsam entwickeln wir den 83 MWp Solarpark in Tarmow, Brandenburg. Ein entscheidender Schritt vorw\u00e4rts: Nach der positiven Entscheidung \u00fcber den vorl\u00e4ufigen Entwurf des vorhabenbezogenen Bebauungsplans im April, hat die Gemeinde Fehrbellin nun die \u00f6ffentliche Auslegung des Plans [&hellip;]<\/p>\n","protected":false},"author":3,"featured_media":10373,"comment_status":"closed","ping_status":"open","sticky":false,"template":"","format":"standard","meta":{"footnotes":""},"categories":[1],"tags":[],"class_list":["post-10292","post","type-post","status-publish","format-standard","has-post-thumbnail","hentry","category-allgemein"],"yoast_head":"<!-- This site is optimized with the Yoast SEO plugin v27.4 - https:\/\/yoast.com\/product\/yoast-seo-wordpress\/ -->\n<title>Solarpark Tarmow erreicht n\u00e4chsten Meilenstein: \u00d6ffentliche Auslegung in der Gemeinde Fehrbellin - Reventure<\/title>\n<meta name=\"robots\" content=\"index, follow, max-snippet:-1, max-image-preview:large, max-video-preview:-1\" \/>\n<link rel=\"canonical\" href=\"https:\/\/reventure.de\/es\/solarpark-tarmow-erreicht-naechsten-meilenstein-oeffentliche-auslegung-in-der-gemeinde-fehrbellin\/\" \/>\n<meta property=\"og:locale\" content=\"es_ES\" \/>\n<meta property=\"og:type\" content=\"article\" \/>\n<meta property=\"og:title\" content=\"Solarpark Tarmow erreicht n\u00e4chsten Meilenstein: \u00d6ffentliche Auslegung in der Gemeinde Fehrbellin - Reventure\" \/>\n<meta property=\"og:description\" content=\"Die ener.venture, ein Jointventure zwischen re.venture und unseren M\u00fcnchner Partnern von ENERGISTO, treibt den Ausbau erneuerbarer Energien voran. Gemeinsam entwickeln wir den 83 MWp Solarpark in Tarmow, Brandenburg. Ein entscheidender Schritt vorw\u00e4rts: Nach der positiven Entscheidung \u00fcber den vorl\u00e4ufigen Entwurf des vorhabenbezogenen Bebauungsplans im April, hat die Gemeinde Fehrbellin nun die \u00f6ffentliche Auslegung des Plans [&hellip;]\" \/>\n<meta property=\"og:url\" content=\"https:\/\/reventure.de\/es\/solarpark-tarmow-erreicht-naechsten-meilenstein-oeffentliche-auslegung-in-der-gemeinde-fehrbellin\/\" \/>\n<meta property=\"og:site_name\" content=\"Reventure\" \/>\n<meta property=\"article:published_time\" content=\"2023-11-16T14:01:56+00:00\" \/>\n<meta property=\"article:modified_time\" content=\"2024-01-14T20:35:08+00:00\" \/>\n<meta property=\"og:image\" content=\"https:\/\/reventure.de\/wp-content\/uploads\/2023\/11\/pv_tarmow_vp1_nachher@2x.jpg\" \/>\n\t<meta property=\"og:image:width\" content=\"1440\" \/>\n\t<meta property=\"og:image:height\" content=\"1000\" \/>\n\t<meta property=\"og:image:type\" content=\"image\/jpeg\" \/>\n<meta name=\"author\" content=\"Michaela Thurau\" \/>\n<meta name=\"twitter:card\" content=\"summary_large_image\" \/>\n<meta name=\"twitter:label1\" content=\"Escrito por\" \/>\n\t<meta name=\"twitter:data1\" content=\"Michaela Thurau\" \/>\n\t<meta name=\"twitter:label2\" content=\"Tiempo de lectura\" \/>\n\t<meta name=\"twitter:data2\" content=\"2 minutos\" \/>\n<script type=\"application\/ld+json\" class=\"yoast-schema-graph\">{\"@context\":\"https:\\\/\\\/schema.org\",\"@graph\":[{\"@type\":\"Article\",\"@id\":\"https:\\\/\\\/reventure.de\\\/solarpark-tarmow-erreicht-naechsten-meilenstein-oeffentliche-auslegung-in-der-gemeinde-fehrbellin\\\/#article\",\"isPartOf\":{\"@id\":\"https:\\\/\\\/reventure.de\\\/solarpark-tarmow-erreicht-naechsten-meilenstein-oeffentliche-auslegung-in-der-gemeinde-fehrbellin\\\/\"},\"author\":{\"name\":\"Michaela Thurau\",\"@id\":\"https:\\\/\\\/reventure.de\\\/#\\\/schema\\\/person\\\/9b1af7bc3df38f2e5976ab092c4eb11c\"},\"headline\":\"Solarpark Tarmow erreicht n\u00e4chsten Meilenstein: \u00d6ffentliche Auslegung in der Gemeinde Fehrbellin\",\"datePublished\":\"2023-11-16T14:01:56+00:00\",\"dateModified\":\"2024-01-14T20:35:08+00:00\",\"mainEntityOfPage\":{\"@id\":\"https:\\\/\\\/reventure.de\\\/solarpark-tarmow-erreicht-naechsten-meilenstein-oeffentliche-auslegung-in-der-gemeinde-fehrbellin\\\/\"},\"wordCount\":192,\"publisher\":{\"@id\":\"https:\\\/\\\/reventure.de\\\/#organization\"},\"image\":{\"@id\":\"https:\\\/\\\/reventure.de\\\/solarpark-tarmow-erreicht-naechsten-meilenstein-oeffentliche-auslegung-in-der-gemeinde-fehrbellin\\\/#primaryimage\"},\"thumbnailUrl\":\"https:\\\/\\\/reventure.de\\\/wp-content\\\/uploads\\\/2023\\\/11\\\/pv_tarmow_vp1_nachher@2x.jpg\",\"articleSection\":[\"Allgemein\"],\"inLanguage\":\"es\"},{\"@type\":\"WebPage\",\"@id\":\"https:\\\/\\\/reventure.de\\\/solarpark-tarmow-erreicht-naechsten-meilenstein-oeffentliche-auslegung-in-der-gemeinde-fehrbellin\\\/\",\"url\":\"https:\\\/\\\/reventure.de\\\/solarpark-tarmow-erreicht-naechsten-meilenstein-oeffentliche-auslegung-in-der-gemeinde-fehrbellin\\\/\",\"name\":\"Solarpark Tarmow erreicht n\u00e4chsten Meilenstein: \u00d6ffentliche Auslegung in der Gemeinde Fehrbellin - Reventure\",\"isPartOf\":{\"@id\":\"https:\\\/\\\/reventure.de\\\/#website\"},\"primaryImageOfPage\":{\"@id\":\"https:\\\/\\\/reventure.de\\\/solarpark-tarmow-erreicht-naechsten-meilenstein-oeffentliche-auslegung-in-der-gemeinde-fehrbellin\\\/#primaryimage\"},\"image\":{\"@id\":\"https:\\\/\\\/reventure.de\\\/solarpark-tarmow-erreicht-naechsten-meilenstein-oeffentliche-auslegung-in-der-gemeinde-fehrbellin\\\/#primaryimage\"},\"thumbnailUrl\":\"https:\\\/\\\/reventure.de\\\/wp-content\\\/uploads\\\/2023\\\/11\\\/pv_tarmow_vp1_nachher@2x.jpg\",\"datePublished\":\"2023-11-16T14:01:56+00:00\",\"dateModified\":\"2024-01-14T20:35:08+00:00\",\"breadcrumb\":{\"@id\":\"https:\\\/\\\/reventure.de\\\/solarpark-tarmow-erreicht-naechsten-meilenstein-oeffentliche-auslegung-in-der-gemeinde-fehrbellin\\\/#breadcrumb\"},\"inLanguage\":\"es\",\"potentialAction\":[{\"@type\":\"ReadAction\",\"target\":[\"https:\\\/\\\/reventure.de\\\/solarpark-tarmow-erreicht-naechsten-meilenstein-oeffentliche-auslegung-in-der-gemeinde-fehrbellin\\\/\"]}]},{\"@type\":\"ImageObject\",\"inLanguage\":\"es\",\"@id\":\"https:\\\/\\\/reventure.de\\\/solarpark-tarmow-erreicht-naechsten-meilenstein-oeffentliche-auslegung-in-der-gemeinde-fehrbellin\\\/#primaryimage\",\"url\":\"https:\\\/\\\/reventure.de\\\/wp-content\\\/uploads\\\/2023\\\/11\\\/pv_tarmow_vp1_nachher@2x.jpg\",\"contentUrl\":\"https:\\\/\\\/reventure.de\\\/wp-content\\\/uploads\\\/2023\\\/11\\\/pv_tarmow_vp1_nachher@2x.jpg\",\"width\":1440,\"height\":1000},{\"@type\":\"BreadcrumbList\",\"@id\":\"https:\\\/\\\/reventure.de\\\/solarpark-tarmow-erreicht-naechsten-meilenstein-oeffentliche-auslegung-in-der-gemeinde-fehrbellin\\\/#breadcrumb\",\"itemListElement\":[{\"@type\":\"ListItem\",\"position\":1,\"name\":\"Startseite\",\"item\":\"https:\\\/\\\/reventure.de\\\/\"},{\"@type\":\"ListItem\",\"position\":2,\"name\":\"Solarpark Tarmow erreicht n\u00e4chsten Meilenstein: \u00d6ffentliche Auslegung in der Gemeinde Fehrbellin\"}]},{\"@type\":\"WebSite\",\"@id\":\"https:\\\/\\\/reventure.de\\\/#website\",\"url\":\"https:\\\/\\\/reventure.de\\\/\",\"name\":\"Reventure\",\"description\":\"Energieprojekte der n\u00e4chsten Generation\",\"publisher\":{\"@id\":\"https:\\\/\\\/reventure.de\\\/#organization\"},\"potentialAction\":[{\"@type\":\"SearchAction\",\"target\":{\"@type\":\"EntryPoint\",\"urlTemplate\":\"https:\\\/\\\/reventure.de\\\/?s={search_term_string}\"},\"query-input\":{\"@type\":\"PropertyValueSpecification\",\"valueRequired\":true,\"valueName\":\"search_term_string\"}}],\"inLanguage\":\"es\"},{\"@type\":\"Organization\",\"@id\":\"https:\\\/\\\/reventure.de\\\/#organization\",\"name\":\"re.venture GmbH\",\"url\":\"https:\\\/\\\/reventure.de\\\/\",\"logo\":{\"@type\":\"ImageObject\",\"inLanguage\":\"es\",\"@id\":\"https:\\\/\\\/reventure.de\\\/#\\\/schema\\\/logo\\\/image\\\/\",\"url\":\"https:\\\/\\\/reventure.de\\\/wp-content\\\/uploads\\\/2022\\\/03\\\/reventure-logo.png\",\"contentUrl\":\"https:\\\/\\\/reventure.de\\\/wp-content\\\/uploads\\\/2022\\\/03\\\/reventure-logo.png\",\"width\":4066,\"height\":1000,\"caption\":\"re.venture GmbH\"},\"image\":{\"@id\":\"https:\\\/\\\/reventure.de\\\/#\\\/schema\\\/logo\\\/image\\\/\"},\"sameAs\":[\"https:\\\/\\\/www.linkedin.com\\\/company\\\/re.venture-gmbh\"]},{\"@type\":\"Person\",\"@id\":\"https:\\\/\\\/reventure.de\\\/#\\\/schema\\\/person\\\/9b1af7bc3df38f2e5976ab092c4eb11c\",\"name\":\"Michaela Thurau\"}]}<\/script>\n<!-- \/ Yoast SEO plugin. -->","yoast_head_json":{"title":"Solarpark Tarmow erreicht n\u00e4chsten Meilenstein: \u00d6ffentliche Auslegung in der Gemeinde Fehrbellin - Reventure","robots":{"index":"index","follow":"follow","max-snippet":"max-snippet:-1","max-image-preview":"max-image-preview:large","max-video-preview":"max-video-preview:-1"},"canonical":"https:\/\/reventure.de\/es\/solarpark-tarmow-erreicht-naechsten-meilenstein-oeffentliche-auslegung-in-der-gemeinde-fehrbellin\/","og_locale":"es_ES","og_type":"article","og_title":"Solarpark Tarmow erreicht n\u00e4chsten Meilenstein: \u00d6ffentliche Auslegung in der Gemeinde Fehrbellin - Reventure","og_description":"Die ener.venture, ein Jointventure zwischen re.venture und unseren M\u00fcnchner Partnern von ENERGISTO, treibt den Ausbau erneuerbarer Energien voran. Gemeinsam entwickeln wir den 83 MWp Solarpark in Tarmow, Brandenburg. Ein entscheidender Schritt vorw\u00e4rts: Nach der positiven Entscheidung \u00fcber den vorl\u00e4ufigen Entwurf des vorhabenbezogenen Bebauungsplans im April, hat die Gemeinde Fehrbellin nun die \u00f6ffentliche Auslegung des Plans [&hellip;]","og_url":"https:\/\/reventure.de\/es\/solarpark-tarmow-erreicht-naechsten-meilenstein-oeffentliche-auslegung-in-der-gemeinde-fehrbellin\/","og_site_name":"Reventure","article_published_time":"2023-11-16T14:01:56+00:00","article_modified_time":"2024-01-14T20:35:08+00:00","og_image":[{"width":1440,"height":1000,"url":"https:\/\/reventure.de\/wp-content\/uploads\/2023\/11\/pv_tarmow_vp1_nachher@2x.jpg","type":"image\/jpeg"}],"author":"Michaela Thurau","twitter_card":"summary_large_image","twitter_misc":{"Escrito por":"Michaela Thurau","Tiempo de lectura":"2 minutos"},"schema":{"@context":"https:\/\/schema.org","@graph":[{"@type":"Article","@id":"https:\/\/reventure.de\/solarpark-tarmow-erreicht-naechsten-meilenstein-oeffentliche-auslegung-in-der-gemeinde-fehrbellin\/#article","isPartOf":{"@id":"https:\/\/reventure.de\/solarpark-tarmow-erreicht-naechsten-meilenstein-oeffentliche-auslegung-in-der-gemeinde-fehrbellin\/"},"author":{"name":"Michaela Thurau","@id":"https:\/\/reventure.de\/#\/schema\/person\/9b1af7bc3df38f2e5976ab092c4eb11c"},"headline":"Solarpark Tarmow erreicht n\u00e4chsten Meilenstein: \u00d6ffentliche Auslegung in der Gemeinde Fehrbellin","datePublished":"2023-11-16T14:01:56+00:00","dateModified":"2024-01-14T20:35:08+00:00","mainEntityOfPage":{"@id":"https:\/\/reventure.de\/solarpark-tarmow-erreicht-naechsten-meilenstein-oeffentliche-auslegung-in-der-gemeinde-fehrbellin\/"},"wordCount":192,"publisher":{"@id":"https:\/\/reventure.de\/#organization"},"image":{"@id":"https:\/\/reventure.de\/solarpark-tarmow-erreicht-naechsten-meilenstein-oeffentliche-auslegung-in-der-gemeinde-fehrbellin\/#primaryimage"},"thumbnailUrl":"https:\/\/reventure.de\/wp-content\/uploads\/2023\/11\/pv_tarmow_vp1_nachher@2x.jpg","articleSection":["Allgemein"],"inLanguage":"es"},{"@type":"WebPage","@id":"https:\/\/reventure.de\/solarpark-tarmow-erreicht-naechsten-meilenstein-oeffentliche-auslegung-in-der-gemeinde-fehrbellin\/","url":"https:\/\/reventure.de\/solarpark-tarmow-erreicht-naechsten-meilenstein-oeffentliche-auslegung-in-der-gemeinde-fehrbellin\/","name":"Solarpark Tarmow erreicht n\u00e4chsten Meilenstein: \u00d6ffentliche Auslegung in der Gemeinde Fehrbellin - Reventure","isPartOf":{"@id":"https:\/\/reventure.de\/#website"},"primaryImageOfPage":{"@id":"https:\/\/reventure.de\/solarpark-tarmow-erreicht-naechsten-meilenstein-oeffentliche-auslegung-in-der-gemeinde-fehrbellin\/#primaryimage"},"image":{"@id":"https:\/\/reventure.de\/solarpark-tarmow-erreicht-naechsten-meilenstein-oeffentliche-auslegung-in-der-gemeinde-fehrbellin\/#primaryimage"},"thumbnailUrl":"https:\/\/reventure.de\/wp-content\/uploads\/2023\/11\/pv_tarmow_vp1_nachher@2x.jpg","datePublished":"2023-11-16T14:01:56+00:00","dateModified":"2024-01-14T20:35:08+00:00","breadcrumb":{"@id":"https:\/\/reventure.de\/solarpark-tarmow-erreicht-naechsten-meilenstein-oeffentliche-auslegung-in-der-gemeinde-fehrbellin\/#breadcrumb"},"inLanguage":"es","potentialAction":[{"@type":"ReadAction","target":["https:\/\/reventure.de\/solarpark-tarmow-erreicht-naechsten-meilenstein-oeffentliche-auslegung-in-der-gemeinde-fehrbellin\/"]}]},{"@type":"ImageObject","inLanguage":"es","@id":"https:\/\/reventure.de\/solarpark-tarmow-erreicht-naechsten-meilenstein-oeffentliche-auslegung-in-der-gemeinde-fehrbellin\/#primaryimage","url":"https:\/\/reventure.de\/wp-content\/uploads\/2023\/11\/pv_tarmow_vp1_nachher@2x.jpg","contentUrl":"https:\/\/reventure.de\/wp-content\/uploads\/2023\/11\/pv_tarmow_vp1_nachher@2x.jpg","width":1440,"height":1000},{"@type":"BreadcrumbList","@id":"https:\/\/reventure.de\/solarpark-tarmow-erreicht-naechsten-meilenstein-oeffentliche-auslegung-in-der-gemeinde-fehrbellin\/#breadcrumb","itemListElement":[{"@type":"ListItem","position":1,"name":"Startseite","item":"https:\/\/reventure.de\/"},{"@type":"ListItem","position":2,"name":"Solarpark Tarmow erreicht n\u00e4chsten Meilenstein: \u00d6ffentliche Auslegung in der Gemeinde Fehrbellin"}]},{"@type":"WebSite","@id":"https:\/\/reventure.de\/#website","url":"https:\/\/reventure.de\/","name":"Reventure","description":"Desarrollamos soluciones para una futura transici\u00f3n energ\u00e9tica  \u2013","publisher":{"@id":"https:\/\/reventure.de\/#organization"},"potentialAction":[{"@type":"SearchAction","target":{"@type":"EntryPoint","urlTemplate":"https:\/\/reventure.de\/?s={search_term_string}"},"query-input":{"@type":"PropertyValueSpecification","valueRequired":true,"valueName":"search_term_string"}}],"inLanguage":"es"},{"@type":"Organization","@id":"https:\/\/reventure.de\/#organization","name":"re.venture GmbH","url":"https:\/\/reventure.de\/","logo":{"@type":"ImageObject","inLanguage":"es","@id":"https:\/\/reventure.de\/#\/schema\/logo\/image\/","url":"https:\/\/reventure.de\/wp-content\/uploads\/2022\/03\/reventure-logo.png","contentUrl":"https:\/\/reventure.de\/wp-content\/uploads\/2022\/03\/reventure-logo.png","width":4066,"height":1000,"caption":"re.venture GmbH"},"image":{"@id":"https:\/\/reventure.de\/#\/schema\/logo\/image\/"},"sameAs":["https:\/\/www.linkedin.com\/company\/re.venture-gmbh"]},{"@type":"Person","@id":"https:\/\/reventure.de\/#\/schema\/person\/9b1af7bc3df38f2e5976ab092c4eb11c","name":"Michaela Thurau"}]}},"_links":{"self":[{"href":"https:\/\/reventure.de\/es\/wp-json\/wp\/v2\/posts\/10292","targetHints":{"allow":["GET"]}}],"collection":[{"href":"https:\/\/reventure.de\/es\/wp-json\/wp\/v2\/posts"}],"about":[{"href":"https:\/\/reventure.de\/es\/wp-json\/wp\/v2\/types\/post"}],"author":[{"embeddable":true,"href":"https:\/\/reventure.de\/es\/wp-json\/wp\/v2\/users\/3"}],"replies":[{"embeddable":true,"href":"https:\/\/reventure.de\/es\/wp-json\/wp\/v2\/comments?post=10292"}],"version-history":[{"count":15,"href":"https:\/\/reventure.de\/es\/wp-json\/wp\/v2\/posts\/10292\/revisions"}],"predecessor-version":[{"id":10398,"href":"https:\/\/reventure.de\/es\/wp-json\/wp\/v2\/posts\/10292\/revisions\/10398"}],"wp:featuredmedia":[{"embeddable":true,"href":"https:\/\/reventure.de\/es\/wp-json\/wp\/v2\/media\/10373"}],"wp:attachment":[{"href":"https:\/\/reventure.de\/es\/wp-json\/wp\/v2\/media?parent=10292"}],"wp:term":[{"taxonomy":"category","embeddable":true,"href":"https:\/\/reventure.de\/es\/wp-json\/wp\/v2\/categories?post=10292"},{"taxonomy":"post_tag","embeddable":true,"href":"https:\/\/reventure.de\/es\/wp-json\/wp\/v2\/tags?post=10292"}],"curies":[{"name":"wp","href":"https:\/\/api.w.org\/{rel}","templated":true}]}}